{"id":1,"date":"2026-01-11T12:21:38","date_gmt":"2026-01-11T17:21:38","guid":{"rendered":"https:\/\/actionforclimate.earth\/?p=1"},"modified":"2026-02-04T14:02:27","modified_gmt":"2026-02-04T19:02:27","slug":"ley2173","status":"publish","type":"post","link":"https:\/\/actionforclimate.earth\/index.php\/2026\/01\/11\/ley2173\/","title":{"rendered":"ABC ley colombiana de siembra de \u00e1rboles"},"content":{"rendered":"\n<h4 class=\"wp-block-heading\">Ley 2173 de 2021<\/h4>\n\n\n\n<div class=\"wp-block-columns is-layout-flex wp-container-core-columns-is-layout-7ef6e110 wp-block-columns-is-layout-flex\" style=\"margin-top:0;margin-bottom:0;padding-top:0;padding-right:0;padding-bottom:0;padding-left:0\">\n<div class=\"wp-block-column is-layout-flow wp-block-column-is-layout-flow\" style=\"flex-basis:33.33%\">\n<figure class=\"wp-block-image size-large\"><img loading=\"lazy\" decoding=\"async\" width=\"768\" height=\"1024\" src=\"https:\/\/actionforclimate.earth\/wp-content\/uploads\/2026\/01\/siembra2-768x1024.jpg\" alt=\"\" class=\"wp-image-345\" srcset=\"https:\/\/actionforclimate.earth\/wp-content\/uploads\/2026\/01\/siembra2-768x1024.jpg 768w, https:\/\/actionforclimate.earth\/wp-content\/uploads\/2026\/01\/siembra2-600x800.jpg 600w, https:\/\/actionforclimate.earth\/wp-content\/uploads\/2026\/01\/siembra2-225x300.jpg 225w, https:\/\/actionforclimate.earth\/wp-content\/uploads\/2026\/01\/siembra2.jpg 900w\" sizes=\"auto, (max-width: 768px) 100vw, 768px\" \/><\/figure>\n\n\n\n<pre class=\"wp-block-preformatted has-luminous-vivid-orange-color has-cyan-bluish-gray-background-color has-text-color has-background has-link-color wp-elements-c38d86399b2668e254be1fc9c489e17f\" style=\"font-size:12px\">Siembra participativa<\/pre>\n<\/div>\n\n\n\n<div class=\"wp-block-column is-layout-flow wp-block-column-is-layout-flow\" style=\"flex-basis:66.66%\">\n<p style=\"padding-right:0;padding-left:0\">La ley 2173 convoca a todos los sectores: ciudadan\u00eda, colegios y universidades y empresas, a sembrar \u00e1rboles como estrateg\u00eda de acci\u00f3n clim\u00e1tica a escala nacional.<\/p>\n\n\n\n<p style=\"padding-right:0;padding-left:0\">Promulgada la ley, las empresas acogieron con entusiasmo la iniciativa pero por falta de una norma reglamentaria no fue posible dar cumplimiento inmediato. <\/p>\n\n\n\n<p style=\"padding-right:0;padding-left:0\">El 17 de octubre de 2025, en acatamiento a un mandato judicial, y tras un proceso de consulta p\u00fablica abierta, el Ministerio de Ambiente y Desarrollo Sostenible promulga la <mark style=\"background-color:rgba(0, 0, 0, 0);color:#cb5f0c\" class=\"has-inline-color\"><a href=\"https:\/\/www.minambiente.gov.co\/documento-normativa\/resolucion-1491-de-2025\/\" target=\"_blank\" rel=\"noreferrer noopener\">Resoluci\u00f3n 1491 <\/a><\/mark>reglamentaria de la Ley 2173, mediante la cual se fijan los lineamientos para su ejecuci\u00f3n en el territorio nacional.<\/p>\n<\/div>\n<\/div>\n\n\n\n<div class=\"wp-block-columns is-layout-flex wp-container-core-columns-is-layout-07b7b7eb wp-block-columns-is-layout-flex\" style=\"padding-top:0;padding-right:0;padding-bottom:0;padding-left:0\">\n<div class=\"wp-block-column is-layout-flow wp-block-column-is-layout-flow\">\n<h3 class=\"wp-block-heading\">Mandatos<\/h3>\n<\/div>\n<\/div>\n\n\n\n<ul class=\"wp-block-list\">\n<li>Contribuir a la recuperaci\u00f3n de ecosistemas degradados mediante estrategias de restauraci\u00f3n ecol\u00f3gica, espec\u00edficamente sembrando m\u00ednimo <strong>2 \u00e1rboles<\/strong> por participante.<\/li>\n\n\n\n<li>Est\u00e1n convocados: ciudananos, instituciones educativas y empresas.<\/li>\n\n\n\n<li>Las siembras deber\u00e1n realizarse en \u00e1reas establecidas por los municipios en concordancia con las autoridades ambientales competentes seleccionadas obedeciendo a las condiciones y prioridades ambientales espec\u00edficas de los territorios. Estos sitios de siembras se denominan &#8220;<mark style=\"background-color:rgba(0, 0, 0, 0);color:#cb5f0c\" class=\"has-inline-color\">\u00c1reas de vida<\/mark>&#8220;<\/li>\n\n\n\n<li>Las especifricaciones t\u00e9cnicas de la siembra deben acatar los lineamientos de la <a href=\"https:\/\/www.minambiente.gov.co\/wp-content\/uploads\/2025\/03\/ENR_3032025-1.pdf\" target=\"_blank\" rel=\"noreferrer noopener\">Estraregia Nacional de Restauraci\u00f3n <\/a>ENR. <\/li>\n\n\n\n<li>El municipio en cuya jusrisdicci\u00f3n se realicen la siembras certifica el cumplimiento expidiendo el certificado &#8220;<mark style=\"background-color:rgba(0, 0, 0, 0);color:#cb5f0c\" class=\"has-inline-color\">Siembra Vida<\/mark>&#8220;.<\/li>\n<\/ul>\n\n\n\n<h3 class=\"wp-block-heading\">Roles de los actores sociales e  institucionales<\/h3>\n\n\n\n<h4 class=\"wp-block-heading\">Alcald\u00edas<\/h4>\n\n\n\n<ul class=\"wp-block-list\">\n<li>Determinan en su territorio las \u00e1reas con vocaci\u00f3n de <mark style=\"background-color:rgba(0, 0, 0, 0);color:#cb5f0c\" class=\"has-inline-color\">\u00c1reas de Vida<\/mark>.<\/li>\n\n\n\n<li>Convoca a propietarios de predios a postularlos como <mark style=\"background-color:rgba(0, 0, 0, 0);color:#cb5f0c\" class=\"has-inline-color\">\u00c1reas de Vida<\/mark>.<\/li>\n\n\n\n<li>Junto con la autoridad ambiental de su jurisdicci\u00f3n identifican, delimitan y comunican las <mark style=\"background-color:rgba(0, 0, 0, 0);color:#cb5f0c\" class=\"has-inline-color\">\u00c1reas de Vida<\/mark> disponibles.<\/li>\n\n\n\n<li>Las <mark style=\"background-color:rgba(0, 0, 0, 0);color:#cb5f0c\" class=\"has-inline-color\">\u00c1reas de Vida<\/mark> se reportan al Ministerio de Ambiente para ser incluidas en el Registro \u00danico de Ecosistemas y \u00c1reas Ambientales REAA.<\/li>\n\n\n\n<li>Convocan jornadas de siembra participariva para dar a los ciudadanos la oportunidad de participar.<\/li>\n\n\n\n<li>Coordinan con las secretar\u00edas regionales y municipales de educaci\u00f3n la organizaci\u00f3n de jornadas de siembra para la participaci\u00f3n de colegios y universidades.<\/li>\n\n\n\n<li>Registran la participaci\u00f3n en las jornadas de siembra y expiden sin costo los certificados &#8220;<mark style=\"background-color:rgba(0, 0, 0, 0);color:#cb5f0c\" class=\"has-inline-color\">Siembra Vida<\/mark>&#8221; ya sea a ciudadanos, instituciones educativas o empresas.<\/li>\n\n\n\n<li>Formulan con las autoridades ambientales las estrategias para la gobernaza, participaci\u00f3n e incentivos.<\/li>\n<\/ul>\n\n\n\n<h4 class=\"wp-block-heading\">Autoridades Ambientales<\/h4>\n\n\n\n<ul class=\"wp-block-list\">\n<li>Definen los m\u00ednimos t\u00e9cnicos para el establecimiento y mantenimiento de siembras en el marco de la Estrategia Nacional de Restauraci\u00f3n.<\/li>\n\n\n\n<li>Pueden condicionar la priorizaci\u00f3n de inversiones en los municipios al cumplimiento de la norma.<\/li>\n\n\n\n<li>Identifica y delimita las <mark style=\"background-color:rgba(0, 0, 0, 0);color:#cb5f0c\" class=\"has-inline-color\">\u00c1reas de Vida<\/mark> junto con los municipios.<\/li>\n\n\n\n<li>Suscribe Acuerdos de Conservaci\u00f3n con propietarios de predios que hayan sido avalados como <mark style=\"background-color:rgba(0, 0, 0, 0);color:#cb5f0c\" class=\"has-inline-color\">\u00c1reas de vida<\/mark>.<\/li>\n<\/ul>\n\n\n\n<h4 class=\"wp-block-heading\">Ciudadan\u00eda<\/h4>\n\n\n\n<p>Los ciudadanos podr\u00e1n atender las convocatorias de las alcald\u00edas a jornadas de siembra. Los participantes reciben el certificado \u201c<mark style=\"background-color:rgba(0, 0, 0, 0);color:#cb5f0c\" class=\"has-inline-color\">Siembra Vida Buen Ciudadano<\/mark>\u201c. El ente convocante asume los costos relacionados con la log\u00edstica de la jornada.<\/p>\n\n\n\n<h4 class=\"wp-block-heading\">Instituciones educativas<\/h4>\n\n\n\n<ul class=\"wp-block-list\">\n<li>Los colegios pueden, en el marco sde los PRAES, crear un componente de cambio clim\u00e1tico dentro del cual articular su participaci\u00f3n en jornadas de siembra en <mark style=\"background-color:rgba(0, 0, 0, 0);color:#cb5f0c\" class=\"has-inline-color\">\u00c1reas de Vida<\/mark>.<\/li>\n\n\n\n<li>Los colegios tambi\u00e9n pueden articular su participaci\u00f3n en el marco del Servicio Social Obligatorio<\/li>\n\n\n\n<li>Las autoridades ambientales y Secretar\u00edas de Educaci\u00f3n articular\u00e1n los aspectos log\u00edsticos para desarrollar este componente.<\/li>\n\n\n\n<li>Las Secretar\u00edas de Educaci\u00f3n  deber\u00e1n anualmente rendir informe de avance de los PRAES en sus jurisdicciones incluyendo acciones pedag\u00f3gicas de siembra de \u00e1rboles.<\/li>\n\n\n\n<li>La instituciones de educaci\u00f3n superior se articular\u00e1n con alcald\u00edas para que su comunidad educativa participe en jornadas de siembra y obtenga el certificado <mark style=\"background-color:rgba(0, 0, 0, 0);color:#cb5f0c\" class=\"has-inline-color\">Siembra Vida Institucional<\/mark>.<\/li>\n<\/ul>\n\n\n\n<h4 class=\"wp-block-heading\">Empresas medianas y grandes<\/h4>\n\n\n\n<ul class=\"wp-block-list\">\n<li>Anualmente deben sembrar como m\u00ednimo 2 \u00e1rboles por empleado.<\/li>\n\n\n\n<li>Deben presentar a la autoridad ambiental un plan de siembra ajustado a los lineamientos t\u00e9cnicos y ser adecuado para el \u00c1rea de Vida propuesta para realizar la siembra.<\/li>\n\n\n\n<li>El plan de siembra debe  contener la descripci\u00f3n t\u00e9cnica incluyendo descripcci\u00f3n del \u00e1rea y medidas de aislamiento y mantenimiento.<\/li>\n\n\n\n<li>El costo del porgrama de siembra lo cubre totalmente la empresa.<\/li>\n\n\n\n<li>Las jornadas de siembra com participaci\u00f3n de los empleados se deben realizar dentro del horario de la jornda laboral y cumplir con los protocolos de SST.<\/li>\n\n\n\n<li>Las siembras en el macro de la Ley 2173 son independientes de otras siembras por obligaciones ambientales. <\/li>\n\n\n\n<li><strong><mark style=\"background-color:rgba(0, 0, 0, 0);color:#cb5f0c\" class=\"has-inline-color\">Otras empresas<\/mark><\/strong>. Pueden proponer su participaci\u00f3n de forma voluntaria dentro de los lineamientos expuestos como iniciativas de responsabilidad social-empresarial.<\/li>\n<\/ul>\n\n\n\n<h3 class=\"wp-block-heading\">Zonas para prospecci\u00f3n de \u00c1reas de Vida<\/h3>\n\n\n\n<p>La Resoluci\u00f3n 1491\/2025 reglamentaria de la ley, incluye un anexo con la lista de zonas para prospecci\u00f3n de \u00c1reas de Vida:<\/p>\n\n\n\n<ul class=\"wp-block-list\">\n<li>\u00c1reas que hagan parte de la estructura ecol\u00f3gica del territorio<\/li>\n\n\n\n<li>Humedales<\/li>\n\n\n\n<li>Nacimientos se agua, zonas estrat\u00e9gicas para la provisi\u00f3n de agua.<\/li>\n\n\n\n<li>\u00c1reas con manejo de medidas  efectivas de conservaci\u00f3n OMEC<\/li>\n\n\n\n<li>\u00c1reas de importancia ambiental<\/li>\n\n\n\n<li>Reservas de la bi\u00f3sfera<\/li>\n\n\n\n<li>Rondas h\u00eddricas<\/li>\n\n\n\n<li>\u00c1reas dentro del registro del Sistema Nacional de \u00c1reas Portegidas &#8211; SINAP<\/li>\n<\/ul>\n\n\n\n<a href=\"mailto:cfcastilloster@gmail.com?Subject=Ley siembras\">Contactar al autor<\/a>\n\n\n\n<p><\/p>\n","protected":false},"excerpt":{"rendered":"<p>Ley 2173 de 2021 Siembra participativa La ley 2173 convoca a todos los sectores: ciudadan\u00eda, colegios y universidades y empresas, [&hellip;]<\/p>\n","protected":false},"author":2,"featured_media":84,"comment_status":"closed","ping_status":"open","sticky":false,"template":"","format":"standard","meta":{"site-sidebar-layout":"default","site-content-layout":"","ast-site-content-layout":"default","site-content-style":"default","site-sidebar-style":"default","ast-global-header-display":"","ast-banner-title-visibility":"","ast-main-header-display":"","ast-hfb-above-header-display":"","ast-hfb-below-header-display":"","ast-hfb-mobile-header-display":"","site-post-title":"","ast-breadcrumbs-content":"","ast-featured-img":"","footer-sml-layout":"","ast-disable-related-posts":"","theme-transparent-header-meta":"","adv-header-id-meta":"","stick-header-meta":"","header-above-stick-meta":"","header-main-stick-meta":"","header-below-stick-meta":"","astra-migrate-meta-layouts":"default","ast-page-background-enabled":"default","ast-page-background-meta":{"desktop":{"background-color":"var(--ast-global-color-5)","background-image":"","background-repeat":"repeat","background-position":"center center","background-size":"auto","background-attachment":"scroll","background-type":"","background-media":"","overlay-type":"","overlay-color":"","overlay-opacity":"","overlay-gradient":""},"tablet":{"background-color":"","background-image":"","background-repeat":"repeat","background-position":"center center","background-size":"auto","background-attachment":"scroll","background-type":"","background-media":"","overlay-type":"","overlay-color":"","overlay-opacity":"","overlay-gradient":""},"mobile":{"background-color":"","background-image":"","background-repeat":"repeat","background-position":"center center","background-size":"auto","background-attachment":"scroll","background-type":"","background-media":"","overlay-type":"","overlay-color":"","overlay-opacity":"","overlay-gradient":""}},"ast-content-background-meta":{"desktop":{"background-color":"var(--ast-global-color-4)","background-image":"","background-repeat":"repeat","background-position":"center center","background-size":"auto","background-attachment":"scroll","background-type":"","background-media":"","overlay-type":"","overlay-color":"","overlay-opacity":"","overlay-gradient":""},"tablet":{"background-color":"var(--ast-global-color-4)","background-image":"","background-repeat":"repeat","background-position":"center center","background-size":"auto","background-attachment":"scroll","background-type":"","background-media":"","overlay-type":"","overlay-color":"","overlay-opacity":"","overlay-gradient":""},"mobile":{"background-color":"var(--ast-global-color-4)","background-image":"","background-repeat":"repeat","background-position":"center center","background-size":"auto","background-attachment":"scroll","background-type":"","background-media":"","overlay-type":"","overlay-color":"","overlay-opacity":"","overlay-gradient":""}},"_jetpack_memberships_contains_paid_content":false,"footnotes":""},"categories":[17,18],"tags":[13,12,14],"class_list":["post-1","post","type-post","status-publish","format-standard","has-post-thumbnail","hentry","category-blog","category-legislacion","tag-empresas","tag-ley-2173","tag-siembra-arboles"],"jetpack_featured_media_url":"https:\/\/actionforclimate.earth\/wp-content\/uploads\/2025\/08\/sembrando.jpg","jetpack_sharing_enabled":true,"_links":{"self":[{"href":"https:\/\/actionforclimate.earth\/index.php\/wp-json\/wp\/v2\/posts\/1","targetHints":{"allow":["GET"]}}],"collection":[{"href":"https:\/\/actionforclimate.earth\/index.php\/wp-json\/wp\/v2\/posts"}],"about":[{"href":"https:\/\/actionforclimate.earth\/index.php\/wp-json\/wp\/v2\/types\/post"}],"author":[{"embeddable":true,"href":"https:\/\/actionforclimate.earth\/index.php\/wp-json\/wp\/v2\/users\/2"}],"replies":[{"embeddable":true,"href":"https:\/\/actionforclimate.earth\/index.php\/wp-json\/wp\/v2\/comments?post=1"}],"version-history":[{"count":46,"href":"https:\/\/actionforclimate.earth\/index.php\/wp-json\/wp\/v2\/posts\/1\/revisions"}],"predecessor-version":[{"id":402,"href":"https:\/\/actionforclimate.earth\/index.php\/wp-json\/wp\/v2\/posts\/1\/revisions\/402"}],"wp:featuredmedia":[{"embeddable":true,"href":"https:\/\/actionforclimate.earth\/index.php\/wp-json\/wp\/v2\/media\/84"}],"wp:attachment":[{"href":"https:\/\/actionforclimate.earth\/index.php\/wp-json\/wp\/v2\/media?parent=1"}],"wp:term":[{"taxonomy":"category","embeddable":true,"href":"https:\/\/actionforclimate.earth\/index.php\/wp-json\/wp\/v2\/categories?post=1"},{"taxonomy":"post_tag","embeddable":true,"href":"https:\/\/actionforclimate.earth\/index.php\/wp-json\/wp\/v2\/tags?post=1"}],"curies":[{"name":"wp","href":"https:\/\/api.w.org\/{rel}","templated":true}]}}